{"id":1014,"date":"2019-10-21T14:15:05","date_gmt":"2019-10-21T12:15:05","guid":{"rendered":"https:\/\/www.tc-erligheim.de\/?p=1014"},"modified":"2019-10-28T08:38:41","modified_gmt":"2019-10-28T07:38:41","slug":"arbeitseinsatz-26-10-2019","status":"publish","type":"post","link":"https:\/\/www.tc-erligheim.de\/?p=1014","title":{"rendered":"Arbeitseinsatz 26.10.2019"},"content":{"rendered":"\n<p><strong>VIELEN DANK!<\/strong><\/p>\n\n\n\n<!--more-->\n\n\n\n<p>Vielen Dank an alle Helfe, die beim Abbauen der Pl\u00e4tze und beim Aufr\u00e4umen<br> der Terrasse mitgeholfen haben. Da gen\u00fcgend Helfer da waren konnten auch<br> noch die Str\u00e4ucher und Hecken zur\u00fcckgeschnitten werden.<\/p>\n\n\n\n<p>N\u00e4chster Termin schon einmal vormerken: Am 06. Dezember 2019 Adventsfenster<br>\nund Nikolaus im Tennisheim.<\/p>\n","protected":false},"excerpt":{"rendered":"<p>VIELEN DANK!<\/p>\n","protected":false},"author":1,"featured_media":1019,"comment_status":"closed","ping_status":"closed","sticky":false,"template":"","format":"standard","meta":{"footnotes":""},"categories":[2],"tags":[],"class_list":["post-1014","post","type-post","status-publish","format-standard","has-post-thumbnail","hentry","category-verein"],"_links":{"self":[{"href":"https:\/\/www.tc-erligheim.de\/index.php?rest_route=\/wp\/v2\/posts\/1014","targetHints":{"allow":["GET"]}}],"collection":[{"href":"https:\/\/www.tc-erligheim.de\/index.php?rest_route=\/wp\/v2\/posts"}],"about":[{"href":"https:\/\/www.tc-erligheim.de\/index.php?rest_route=\/wp\/v2\/types\/post"}],"author":[{"embeddable":true,"href":"https:\/\/www.tc-erligheim.de\/index.php?rest_route=\/wp\/v2\/users\/1"}],"replies":[{"embeddable":true,"href":"https:\/\/www.tc-erligheim.de\/index.php?rest_route=%2Fwp%2Fv2%2Fcomments&post=1014"}],"version-history":[{"count":5,"href":"https:\/\/www.tc-erligheim.de\/index.php?rest_route=\/wp\/v2\/posts\/1014\/revisions"}],"predecessor-version":[{"id":1021,"href":"https:\/\/www.tc-erligheim.de\/index.php?rest_route=\/wp\/v2\/posts\/1014\/revisions\/1021"}],"wp:featuredmedia":[{"embeddable":true,"href":"https:\/\/www.tc-erligheim.de\/index.php?rest_route=\/wp\/v2\/media\/1019"}],"wp:attachment":[{"href":"https:\/\/www.tc-erligheim.de\/index.php?rest_route=%2Fwp%2Fv2%2Fmedia&parent=1014"}],"wp:term":[{"taxonomy":"category","embeddable":true,"href":"https:\/\/www.tc-erligheim.de\/index.php?rest_route=%2Fwp%2Fv2%2Fcategories&post=1014"},{"taxonomy":"post_tag","embeddable":true,"href":"https:\/\/www.tc-erligheim.de\/index.php?rest_route=%2Fwp%2Fv2%2Ftags&post=1014"}],"curies":[{"name":"wp","href":"https:\/\/api.w.org\/{rel}","templated":true}]}}