{"id":1028,"date":"2020-02-10T13:27:31","date_gmt":"2020-02-10T12:27:31","guid":{"rendered":"https:\/\/www.tc-erligheim.de\/?p=1028"},"modified":"2020-02-20T07:31:33","modified_gmt":"2020-02-20T06:31:33","slug":"jahreshauptversammlung-28-02-2020","status":"publish","type":"post","link":"https:\/\/www.tc-erligheim.de\/?p=1028","title":{"rendered":"Jahreshauptversammlung 28.02.2020"},"content":{"rendered":"\n<p>Beginn: 19.30 Uhr<\/p>\n\n\n\n<!--more-->\n\n\n\n<p>Tagesordnung:<\/p>\n\n\n\n<ol class=\"wp-block-list\"><li>Begr\u00fc\u00dfung<\/li><li>Berichte der Funktion\u00e4re<br>a) 1. Vorsitzender <br>b) 2. Vorsitzende <br>c) Sportwartin <br>d) Wirtschaftswartinnen <br>e) Schriftf\u00fchrerin <br>f) Technischer Leiter <br>g) Jugendwart <br>h) Kassiererin <br>i) Kassenpr\u00fcfer<\/li><li>Entlastungen<\/li><li>Ehrungen<\/li><li>Pause<\/li><li>Neuwahlen <br>a) 1. Vorsitzende\/-r <br>b) 2. Vorsitzende\/-r <br>c) Kassier\/erin <br>d) Schriftf\u00fchrer\/-in <br>e) Sportwart\/-in <br>f) Jugendwart\/-in <br>g) Technischer Leiter\/-in <br>h) Wirtschaftswart\/-in <br>i) Presse-Internetwart\/-in <br>j) 2 Kassenpr\u00fcfer\/-innen<\/li><li>Antr\u00e4ge<\/li><li>Sonstiges<\/li><li>Schlusswort<\/li><li>Vorschau Jahres\u00fcberblick 2020<\/li><\/ol>\n\n\n\n<p>Antr\u00e4ge zur JHV bitte bis 23.02.2020 an die Vorstandschaft oder die Ausschuss-Mitglieder stellen.<\/p>\n\n\n\n<p>Zum Essen gibt es Schnitzel mit Kartoffelsalat.<\/p>\n","protected":false},"excerpt":{"rendered":"<p>Beginn: 19.30 Uhr<\/p>\n","protected":false},"author":1,"featured_media":914,"comment_status":"closed","ping_status":"closed","sticky":false,"template":"","format":"standard","meta":{"footnotes":""},"categories":[2],"tags":[],"class_list":["post-1028","post","type-post","status-publish","format-standard","has-post-thumbnail","hentry","category-verein"],"_links":{"self":[{"href":"https:\/\/www.tc-erligheim.de\/index.php?rest_route=\/wp\/v2\/posts\/1028","targetHints":{"allow":["GET"]}}],"collection":[{"href":"https:\/\/www.tc-erligheim.de\/index.php?rest_route=\/wp\/v2\/posts"}],"about":[{"href":"https:\/\/www.tc-erligheim.de\/index.php?rest_route=\/wp\/v2\/types\/post"}],"author":[{"embeddable":true,"href":"https:\/\/www.tc-erligheim.de\/index.php?rest_route=\/wp\/v2\/users\/1"}],"replies":[{"embeddable":true,"href":"https:\/\/www.tc-erligheim.de\/index.php?rest_route=%2Fwp%2Fv2%2Fcomments&post=1028"}],"version-history":[{"count":3,"href":"https:\/\/www.tc-erligheim.de\/index.php?rest_route=\/wp\/v2\/posts\/1028\/revisions"}],"predecessor-version":[{"id":1033,"href":"https:\/\/www.tc-erligheim.de\/index.php?rest_route=\/wp\/v2\/posts\/1028\/revisions\/1033"}],"wp:featuredmedia":[{"embeddable":true,"href":"https:\/\/www.tc-erligheim.de\/index.php?rest_route=\/wp\/v2\/media\/914"}],"wp:attachment":[{"href":"https:\/\/www.tc-erligheim.de\/index.php?rest_route=%2Fwp%2Fv2%2Fmedia&parent=1028"}],"wp:term":[{"taxonomy":"category","embeddable":true,"href":"https:\/\/www.tc-erligheim.de\/index.php?rest_route=%2Fwp%2Fv2%2Fcategories&post=1028"},{"taxonomy":"post_tag","embeddable":true,"href":"https:\/\/www.tc-erligheim.de\/index.php?rest_route=%2Fwp%2Fv2%2Ftags&post=1028"}],"curies":[{"name":"wp","href":"https:\/\/api.w.org\/{rel}","templated":true}]}}