{"id":1044,"date":"2020-03-04T13:28:55","date_gmt":"2020-03-04T12:28:55","guid":{"rendered":"https:\/\/www.tc-erligheim.de\/?p=1044"},"modified":"2020-03-04T14:42:31","modified_gmt":"2020-03-04T13:42:31","slug":"bericht-zur-jhv-2020","status":"publish","type":"post","link":"https:\/\/www.tc-erligheim.de\/?p=1044","title":{"rendered":"Bericht zur JHV 2020"},"content":{"rendered":"\n<p>Am 28.02.2020 fand unsere Jahres-Hauptversammlung statt.<\/p>\n\n\n\n<!--more-->\n\n\n\n<p>Den <a rel=\"noreferrer noopener\" aria-label=\"Bericht zur JHV (\u00f6ffnet in neuem Tab)\" href=\"https:\/\/www.virtuelles-nachrichtenblatt.de\/news?action=view_one_article&amp;article_id=71932\" target=\"_blank\">Bericht zur JHV<\/a> gibt es im Virtuellen Nachrichtenblatt der Stadt B\u00f6nnigheim und der Gemeinden Kirchheim und Erligheim.<\/p>\n\n\n\n<figure class=\"wp-block-image size-medium\"><img loading=\"lazy\" decoding=\"async\" width=\"300\" height=\"270\" src=\"https:\/\/www.tc-erligheim.de\/wp-content\/uploads\/2020\/03\/JHV_2020_Ehrung_Ausschnitt-300x270.jpg\" alt=\"\" class=\"wp-image-1046\" srcset=\"https:\/\/www.tc-erligheim.de\/wp-content\/uploads\/2020\/03\/JHV_2020_Ehrung_Ausschnitt-300x270.jpg 300w, https:\/\/www.tc-erligheim.de\/wp-content\/uploads\/2020\/03\/JHV_2020_Ehrung_Ausschnitt-1024x923.jpg 1024w, https:\/\/www.tc-erligheim.de\/wp-content\/uploads\/2020\/03\/JHV_2020_Ehrung_Ausschnitt-768x692.jpg 768w, https:\/\/www.tc-erligheim.de\/wp-content\/uploads\/2020\/03\/JHV_2020_Ehrung_Ausschnitt-1536x1384.jpg 1536w, https:\/\/www.tc-erligheim.de\/wp-content\/uploads\/2020\/03\/JHV_2020_Ehrung_Ausschnitt-2048x1846.jpg 2048w\" sizes=\"auto, (max-width: 300px) 100vw, 300px\" \/><\/figure>\n\n\n\n<p>Unser I. Vorsitzender Hans Abele erhielt vom W\u00fcrttembergischen Tennisbund e.V. die Bronzene Ehrennadel f\u00fcr besondere langj\u00e4hrige Verdienste um den Tennissport.<\/p>\n","protected":false},"excerpt":{"rendered":"<p>Am 28.02.2020 fand unsere Jahres-Hauptversammlung statt.<\/p>\n","protected":false},"author":1,"featured_media":1050,"comment_status":"closed","ping_status":"closed","sticky":false,"template":"","format":"standard","meta":{"footnotes":""},"categories":[2],"tags":[],"class_list":["post-1044","post","type-post","status-publish","format-standard","has-post-thumbnail","hentry","category-verein"],"_links":{"self":[{"href":"https:\/\/www.tc-erligheim.de\/index.php?rest_route=\/wp\/v2\/posts\/1044","targetHints":{"allow":["GET"]}}],"collection":[{"href":"https:\/\/www.tc-erligheim.de\/index.php?rest_route=\/wp\/v2\/posts"}],"about":[{"href":"https:\/\/www.tc-erligheim.de\/index.php?rest_route=\/wp\/v2\/types\/post"}],"author":[{"embeddable":true,"href":"https:\/\/www.tc-erligheim.de\/index.php?rest_route=\/wp\/v2\/users\/1"}],"replies":[{"embeddable":true,"href":"https:\/\/www.tc-erligheim.de\/index.php?rest_route=%2Fwp%2Fv2%2Fcomments&post=1044"}],"version-history":[{"count":3,"href":"https:\/\/www.tc-erligheim.de\/index.php?rest_route=\/wp\/v2\/posts\/1044\/revisions"}],"predecessor-version":[{"id":1049,"href":"https:\/\/www.tc-erligheim.de\/index.php?rest_route=\/wp\/v2\/posts\/1044\/revisions\/1049"}],"wp:featuredmedia":[{"embeddable":true,"href":"https:\/\/www.tc-erligheim.de\/index.php?rest_route=\/wp\/v2\/media\/1050"}],"wp:attachment":[{"href":"https:\/\/www.tc-erligheim.de\/index.php?rest_route=%2Fwp%2Fv2%2Fmedia&parent=1044"}],"wp:term":[{"taxonomy":"category","embeddable":true,"href":"https:\/\/www.tc-erligheim.de\/index.php?rest_route=%2Fwp%2Fv2%2Fcategories&post=1044"},{"taxonomy":"post_tag","embeddable":true,"href":"https:\/\/www.tc-erligheim.de\/index.php?rest_route=%2Fwp%2Fv2%2Ftags&post=1044"}],"curies":[{"name":"wp","href":"https:\/\/api.w.org\/{rel}","templated":true}]}}