{"id":1057,"date":"2020-05-07T08:02:43","date_gmt":"2020-05-07T06:02:43","guid":{"rendered":"https:\/\/www.tc-erligheim.de\/?p=1057"},"modified":"2021-06-09T12:20:52","modified_gmt":"2021-06-09T10:20:52","slug":"am-11-mai-gehts-endlich-los","status":"publish","type":"post","link":"https:\/\/www.tc-erligheim.de\/?p=1057","title":{"rendered":"Am 11. Mai geht\u2019s endlich los"},"content":{"rendered":"\n<p>Seit dem 11.05.2020 sind unsere Tennispl\u00e4tze zum Spielen bereit. Alle aktiven Mitglieder k\u00f6nnen den Tennischl\u00e4ger wieder flei\u00dfig schwingen.<\/p>\n\n\n\n<!--more-->\n\n\n\n<p>Die Wiederer\u00f6ffnung des Wirtschaftsbetriebs haben wir noch einmal auf Eis gelegt und nicht wie geplant zum 18.05.2020 vorgenommen. Wir k\u00f6nnen die vom WTB vorgegebenen Hygienevorschriften f\u00fcr den Wirtschaftsbetrieb von unseren Mitgliedern nicht verlangen und daher auch nicht gew\u00e4hrleisten.<\/p>\n\n\n\n<p>Sobald sich hier weitere Lockerungen und Neuigkeiten ergeben entscheiden wir neu.<\/p>\n\n\n\n<p>WICHTIG: Bitte die ausgelegten Hygienevorschriften beachten.<\/p>\n","protected":false},"excerpt":{"rendered":"<p>Seit dem 11.05.2020 sind unsere Tennispl\u00e4tze zum Spielen bereit. Alle aktiven Mitglieder k\u00f6nnen den Tennischl\u00e4ger wieder flei\u00dfig schwingen.<\/p>\n","protected":false},"author":1,"featured_media":1063,"comment_status":"closed","ping_status":"closed","sticky":false,"template":"","format":"standard","meta":{"footnotes":""},"categories":[18,2],"tags":[],"class_list":["post-1057","post","type-post","status-publish","format-standard","has-post-thumbnail","hentry","category-corona","category-verein"],"_links":{"self":[{"href":"https:\/\/www.tc-erligheim.de\/index.php?rest_route=\/wp\/v2\/posts\/1057","targetHints":{"allow":["GET"]}}],"collection":[{"href":"https:\/\/www.tc-erligheim.de\/index.php?rest_route=\/wp\/v2\/posts"}],"about":[{"href":"https:\/\/www.tc-erligheim.de\/index.php?rest_route=\/wp\/v2\/types\/post"}],"author":[{"embeddable":true,"href":"https:\/\/www.tc-erligheim.de\/index.php?rest_route=\/wp\/v2\/users\/1"}],"replies":[{"embeddable":true,"href":"https:\/\/www.tc-erligheim.de\/index.php?rest_route=%2Fwp%2Fv2%2Fcomments&post=1057"}],"version-history":[{"count":12,"href":"https:\/\/www.tc-erligheim.de\/index.php?rest_route=\/wp\/v2\/posts\/1057\/revisions"}],"predecessor-version":[{"id":1075,"href":"https:\/\/www.tc-erligheim.de\/index.php?rest_route=\/wp\/v2\/posts\/1057\/revisions\/1075"}],"wp:featuredmedia":[{"embeddable":true,"href":"https:\/\/www.tc-erligheim.de\/index.php?rest_route=\/wp\/v2\/media\/1063"}],"wp:attachment":[{"href":"https:\/\/www.tc-erligheim.de\/index.php?rest_route=%2Fwp%2Fv2%2Fmedia&parent=1057"}],"wp:term":[{"taxonomy":"category","embeddable":true,"href":"https:\/\/www.tc-erligheim.de\/index.php?rest_route=%2Fwp%2Fv2%2Fcategories&post=1057"},{"taxonomy":"post_tag","embeddable":true,"href":"https:\/\/www.tc-erligheim.de\/index.php?rest_route=%2Fwp%2Fv2%2Ftags&post=1057"}],"curies":[{"name":"wp","href":"https:\/\/api.w.org\/{rel}","templated":true}]}}