{"id":1112,"date":"2021-02-05T16:00:59","date_gmt":"2021-02-05T15:00:59","guid":{"rendered":"https:\/\/www.tc-erligheim.de\/?p=1112"},"modified":"2021-06-09T12:20:18","modified_gmt":"2021-06-09T10:20:18","slug":"das-wtb-praesidium-informiert-warten-auf-lockerungskonzepte-der-politik","status":"publish","type":"post","link":"https:\/\/www.tc-erligheim.de\/?p=1112","title":{"rendered":"Das WTB-Pr\u00e4sidium informiert: Warten auf Lockerungskonzepte der Politik"},"content":{"rendered":"\n<p>Das Sozialministerium des Landes Baden-W\u00fcrttemberg hat erneut unbefriedigend auf ein Schreiben von den Tennisverb\u00e4nden aus Baden und W\u00fcrttemberg geantwortet. Auch wenn die Corona-Zahlen momentan r\u00fcckl\u00e4ufig sind, verweist die Landesregierung weiterhin auf die aktuell schwierige Situation, insbesondere aufgrund der aufgetretenen Mutationen. <a href=\"https:\/\/www.wtb-tennis.de\/verband\/news\/detail\/das-wtb-praesidium-informiert-warten-auf-lockerungskonzepte-der-politik.html\" target=\"_blank\" rel=\"noreferrer noopener\">Zum Artikel beim WTB<\/a>.<\/p>\n","protected":false},"excerpt":{"rendered":"<p>Das Sozialministerium des Landes Baden-W\u00fcrttemberg hat erneut unbefriedigend auf ein Schreiben von den Tennisverb\u00e4nden aus Baden und W\u00fcrttemberg geantwortet.<\/p>\n","protected":false},"author":1,"featured_media":914,"comment_status":"closed","ping_status":"closed","sticky":false,"template":"","format":"standard","meta":{"footnotes":""},"categories":[18],"tags":[],"class_list":["post-1112","post","type-post","status-publish","format-standard","has-post-thumbnail","hentry","category-corona"],"_links":{"self":[{"href":"https:\/\/www.tc-erligheim.de\/index.php?rest_route=\/wp\/v2\/posts\/1112","targetHints":{"allow":["GET"]}}],"collection":[{"href":"https:\/\/www.tc-erligheim.de\/index.php?rest_route=\/wp\/v2\/posts"}],"about":[{"href":"https:\/\/www.tc-erligheim.de\/index.php?rest_route=\/wp\/v2\/types\/post"}],"author":[{"embeddable":true,"href":"https:\/\/www.tc-erligheim.de\/index.php?rest_route=\/wp\/v2\/users\/1"}],"replies":[{"embeddable":true,"href":"https:\/\/www.tc-erligheim.de\/index.php?rest_route=%2Fwp%2Fv2%2Fcomments&post=1112"}],"version-history":[{"count":2,"href":"https:\/\/www.tc-erligheim.de\/index.php?rest_route=\/wp\/v2\/posts\/1112\/revisions"}],"predecessor-version":[{"id":1114,"href":"https:\/\/www.tc-erligheim.de\/index.php?rest_route=\/wp\/v2\/posts\/1112\/revisions\/1114"}],"wp:featuredmedia":[{"embeddable":true,"href":"https:\/\/www.tc-erligheim.de\/index.php?rest_route=\/wp\/v2\/media\/914"}],"wp:attachment":[{"href":"https:\/\/www.tc-erligheim.de\/index.php?rest_route=%2Fwp%2Fv2%2Fmedia&parent=1112"}],"wp:term":[{"taxonomy":"category","embeddable":true,"href":"https:\/\/www.tc-erligheim.de\/index.php?rest_route=%2Fwp%2Fv2%2Fcategories&post=1112"},{"taxonomy":"post_tag","embeddable":true,"href":"https:\/\/www.tc-erligheim.de\/index.php?rest_route=%2Fwp%2Fv2%2Ftags&post=1112"}],"curies":[{"name":"wp","href":"https:\/\/api.w.org\/{rel}","templated":true}]}}