{"id":1116,"date":"2021-02-25T13:21:31","date_gmt":"2021-02-25T12:21:31","guid":{"rendered":"https:\/\/www.tc-erligheim.de\/?p=1116"},"modified":"2021-02-25T13:28:09","modified_gmt":"2021-02-25T12:28:09","slug":"planung-2021","status":"publish","type":"post","link":"https:\/\/www.tc-erligheim.de\/?p=1116","title":{"rendered":"Planung 2021"},"content":{"rendered":"\n<p>Auf Grund der aktuellen Corona Pandemie kann unsere Jahreshauptversammlung nicht wie gewohnt Anfang M\u00e4rz durchgef\u00fchrt werden. Wir hoffen, dass sich die Situation in absehbarer Zeit entspannt, damit wir einen Termin f\u00fcr die diesj\u00e4hrige Jahreshauptversammlung finden.&nbsp;<\/p>\n\n\n\n<!--more-->\n\n\n\n<p>Zuvor wird noch eine au\u00dferordentliche Mitgliederversammlung stattfinden.<\/p>\n\n\n\n<h5 class=\"wp-block-heading\">Trotz der Corona Pandemie geht das Vereinsleben mit der Planung f\u00fcr 2021 weiter.<\/h5>\n\n\n\n<p>Wir haben f\u00fcr die Sommer Saison 2021 vier Mannschaften gemeldet.<\/p>\n\n\n\n<ul class=\"wp-block-list\"><li>1x Kids Cup U12<\/li><li>1x Herren 30<\/li><li>1x Hobby Herren 1<\/li><li>1x Hobby Mixed Doppel 1<\/li><\/ul>\n\n\n\n<p>Mit der Firma Garten Moser wurden die Termine f\u00fcr das Richten der Pl\u00e4tze im Fr\u00fchjahr abgestimmt.<\/p>\n\n\n\n<p>Anfang M\u00e4rz werden wir die Rechnungen f\u00fcr den Jahresbeitrag 2021 versenden.<\/p>\n\n\n\n<p>Bei Abbuchungsverfahren werden die Beitr\u00e4ge Mitte M\u00e4rz 2021 eingezogen.<\/p>\n\n\n\n<p><strong>Bleibt alle weiterhin gesund und dr\u00fcckt die Daumen, dass wir eine tolle Sommersaison ohne Einschr\u00e4nkungen durchf\u00fchren k\u00f6nnen.<\/strong><\/p>\n","protected":false},"excerpt":{"rendered":"<p>Auf Grund der aktuellen Corona Pandemie kann unsere Jahreshauptversammlung nicht wie gewohnt Anfang M\u00e4rz durchgef\u00fchrt werden. Wir hoffen, dass sich die Situation in absehbarer Zeit entspannt, damit wir einen Termin &#8230;<\/p>\n","protected":false},"author":1,"featured_media":1118,"comment_status":"closed","ping_status":"closed","sticky":false,"template":"","format":"standard","meta":{"footnotes":""},"categories":[2],"tags":[],"class_list":["post-1116","post","type-post","status-publish","format-standard","has-post-thumbnail","hentry","category-verein"],"_links":{"self":[{"href":"https:\/\/www.tc-erligheim.de\/index.php?rest_route=\/wp\/v2\/posts\/1116","targetHints":{"allow":["GET"]}}],"collection":[{"href":"https:\/\/www.tc-erligheim.de\/index.php?rest_route=\/wp\/v2\/posts"}],"about":[{"href":"https:\/\/www.tc-erligheim.de\/index.php?rest_route=\/wp\/v2\/types\/post"}],"author":[{"embeddable":true,"href":"https:\/\/www.tc-erligheim.de\/index.php?rest_route=\/wp\/v2\/users\/1"}],"replies":[{"embeddable":true,"href":"https:\/\/www.tc-erligheim.de\/index.php?rest_route=%2Fwp%2Fv2%2Fcomments&post=1116"}],"version-history":[{"count":1,"href":"https:\/\/www.tc-erligheim.de\/index.php?rest_route=\/wp\/v2\/posts\/1116\/revisions"}],"predecessor-version":[{"id":1117,"href":"https:\/\/www.tc-erligheim.de\/index.php?rest_route=\/wp\/v2\/posts\/1116\/revisions\/1117"}],"wp:featuredmedia":[{"embeddable":true,"href":"https:\/\/www.tc-erligheim.de\/index.php?rest_route=\/wp\/v2\/media\/1118"}],"wp:attachment":[{"href":"https:\/\/www.tc-erligheim.de\/index.php?rest_route=%2Fwp%2Fv2%2Fmedia&parent=1116"}],"wp:term":[{"taxonomy":"category","embeddable":true,"href":"https:\/\/www.tc-erligheim.de\/index.php?rest_route=%2Fwp%2Fv2%2Fcategories&post=1116"},{"taxonomy":"post_tag","embeddable":true,"href":"https:\/\/www.tc-erligheim.de\/index.php?rest_route=%2Fwp%2Fv2%2Ftags&post=1116"}],"curies":[{"name":"wp","href":"https:\/\/api.w.org\/{rel}","templated":true}]}}