{"id":1141,"date":"2021-05-19T09:26:24","date_gmt":"2021-05-19T07:26:24","guid":{"rendered":"https:\/\/www.tc-erligheim.de\/?p=1141"},"modified":"2021-06-09T13:12:44","modified_gmt":"2021-06-09T11:12:44","slug":"neue-corona-verordnung","status":"publish","type":"post","link":"https:\/\/www.tc-erligheim.de\/?p=1141","title":{"rendered":"Neue Corona-Verordnung (07.06.2021)"},"content":{"rendered":"\n<p>Die Landesregierung Baden-W\u00fcrttemberg hat die Verordnung \u00fcber infektionssch\u00fctzende Ma\u00dfnahmen gegen die Ausbreitung des Virus SARS-CoV-2 (Corona-Verordnung \u2013 CoronaVO) erneut ge\u00e4ndert.<\/p>\n\n\n\n<!--more-->\n\n\n\n<p>Mit der aktuellen \u00c4nderung der CoronaVO hat das Land Baden-W\u00fcrttemberg den Stufenplan zur schrittweisen \u00d6ffnung bestimmter Einrichtungen und Aktivit\u00e4ten angepasst. Die \u00c4nderungen treten gr\u00f6\u00dftenteils am 7. Juni 2021 in Kraft.<\/p>\n\n\n\n<p><strong>Die wichtigsten \u00c4nderungen im \u00dcberblick:<\/strong><\/p>\n\n\n\n<p><strong>\u00d6ffnungsstufe 1<\/strong><br>&#8211; Maximal 20 Personen<br>&#8211; Vorlage eines Test-, Impf- oder Genesenennachweises (Einzel, Doppel und Training). Sch\u00fclerinnen und Sch\u00fcler k\u00f6nnen bei Angeboten aus den \u00d6ffnungsstufen, bei denen eine Testpflicht besteht, auch einen von der Schule bescheinigten negativen Test vorlegen, der nicht \u00e4lter als 60 Stunden ist. Anbieter und Betreiber sind zur \u00dcberpr\u00fcfung der Nachweise verpflichtet<br>&#8211; Wettkampfveranstaltungen mit bis zu 20 Sportlerinnen und Sportlern mit bis zu 100 Zuschauerinnen und Zuschauern im Freien<\/p>\n\n\n\n<p><strong>\u00d6ffnungsstufe 2<\/strong><br>&#8211; Wie \u00d6ffnungsstufe 1<br>&#8211; Keine Personen-Beschr\u00e4nkung f\u00fcr den Freizeit- und Amateursportbetrieb mehr<br>&#8211; Wettkampfveranstaltungen ohne Beschr\u00e4nkung mit bis zu 250 Zuschauerinnen und Zuschauern im Freien<br>&#8211; Umkleider\u00e4ume und Duschen d\u00fcrfen unter bestimmten Voraussetzungen ge\u00f6ffnet werden<\/p>\n\n\n\n<p><strong>\u00d6ffnungsstufe 3<\/strong><br>&#8211; Wie \u00d6ffnungsstufe 2<br>&#8211; Wettkampfveranstaltungen ohne Beschr\u00e4nkung mit bis zu 500 Zuschauerinnen und Zuschauern im Freien<\/p>\n\n\n\n<p><strong>Inzidenz unter 50<\/strong><br>&#8211; Wie \u00d6ffnungsstufe 3<br>&#8211; Die \u00d6ffnungsstufe 3 kommt direkt zur Anwendung<br>&#8211; Private Zusammenk\u00fcnfte und private Veranstaltungen mit maximal zehn Personen aus drei Haushalten<\/p>\n\n\n\n<p><strong>Inzidenz unter 35<\/strong><br>&#8211; Wie \u00d6ffnungsstufe 3<br>&#8211; Entfall Vorlage eines Test-, Impf- oder Genesenennachweise (im Freien)<\/p>\n\n\n\n<p>Quelle: <a rel=\"noreferrer noopener\" href=\"https:\/\/www.wtb-tennis.de\/verband\/news\/detail\/neue-corona-verordnung-4.html\" target=\"_blank\">WTB-Seite<\/a><\/p>\n","protected":false},"excerpt":{"rendered":"<p>Die Landesregierung Baden-W\u00fcrttemberg hat die Verordnung \u00fcber infektionssch\u00fctzende Ma\u00dfnahmen gegen die Ausbreitung des Virus SARS-CoV-2 (Corona-Verordnung \u2013 CoronaVO) erneut ge\u00e4ndert.<\/p>\n","protected":false},"author":1,"featured_media":914,"comment_status":"closed","ping_status":"closed","sticky":false,"template":"","format":"standard","meta":{"footnotes":""},"categories":[18],"tags":[],"class_list":["post-1141","post","type-post","status-publish","format-standard","has-post-thumbnail","hentry","category-corona"],"_links":{"self":[{"href":"https:\/\/www.tc-erligheim.de\/index.php?rest_route=\/wp\/v2\/posts\/1141","targetHints":{"allow":["GET"]}}],"collection":[{"href":"https:\/\/www.tc-erligheim.de\/index.php?rest_route=\/wp\/v2\/posts"}],"about":[{"href":"https:\/\/www.tc-erligheim.de\/index.php?rest_route=\/wp\/v2\/types\/post"}],"author":[{"embeddable":true,"href":"https:\/\/www.tc-erligheim.de\/index.php?rest_route=\/wp\/v2\/users\/1"}],"replies":[{"embeddable":true,"href":"https:\/\/www.tc-erligheim.de\/index.php?rest_route=%2Fwp%2Fv2%2Fcomments&post=1141"}],"version-history":[{"count":7,"href":"https:\/\/www.tc-erligheim.de\/index.php?rest_route=\/wp\/v2\/posts\/1141\/revisions"}],"predecessor-version":[{"id":1159,"href":"https:\/\/www.tc-erligheim.de\/index.php?rest_route=\/wp\/v2\/posts\/1141\/revisions\/1159"}],"wp:featuredmedia":[{"embeddable":true,"href":"https:\/\/www.tc-erligheim.de\/index.php?rest_route=\/wp\/v2\/media\/914"}],"wp:attachment":[{"href":"https:\/\/www.tc-erligheim.de\/index.php?rest_route=%2Fwp%2Fv2%2Fmedia&parent=1141"}],"wp:term":[{"taxonomy":"category","embeddable":true,"href":"https:\/\/www.tc-erligheim.de\/index.php?rest_route=%2Fwp%2Fv2%2Fcategories&post=1141"},{"taxonomy":"post_tag","embeddable":true,"href":"https:\/\/www.tc-erligheim.de\/index.php?rest_route=%2Fwp%2Fv2%2Ftags&post=1141"}],"curies":[{"name":"wp","href":"https:\/\/api.w.org\/{rel}","templated":true}]}}