{"id":1152,"date":"2021-06-09T12:17:54","date_gmt":"2021-06-09T10:17:54","guid":{"rendered":"https:\/\/www.tc-erligheim.de\/?p=1152"},"modified":"2021-06-09T12:18:54","modified_gmt":"2021-06-09T10:18:54","slug":"oeffnungsschritte-ab-dem-09-06-2021","status":"publish","type":"post","link":"https:\/\/www.tc-erligheim.de\/?p=1152","title":{"rendered":"\u00d6ffnungsschritte ab dem 09.06.2021"},"content":{"rendered":"\n<p>Ab  Mittwoch, den 09.06.2021 gelten die 2. und 3. \u00d6ffnungsstufe nach der Corona-Verordnung des Landes. Au\u00dferdem wurde die Corona-Verordnung Sport angepasst, sodass das Duschen im Vereinsheim ab diesem Zeitpunkt wieder m\u00f6glich ist.<\/p>\n\n\n\n<!--more-->\n\n\n\n<p>Die ausf\u00fchrlichen Informationen gibt es unter:<\/p>\n\n\n\n<p><a rel=\"noreferrer noopener\" href=\"https:\/\/km-bw.de\/CoronaVO+Sport\" target=\"_blank\">Aktuelle Regelungen f\u00fcr den Sport im Land<\/a><\/p>\n\n\n\n<p><a href=\"https:\/\/www.baden-wuerttemberg.de\/de\/service\/aktuelle-infos-zu-corona\/aktuelle-corona-verordnung-des-landes-baden-wuerttemberg\/\" target=\"_blank\" rel=\"noreferrer noopener\">Aktuelle Corona Verordnung des Landes Baden-W\u00fcrttemberg<\/a><\/p>\n\n\n\n<p><a href=\"https:\/\/www.wtb-tennis.de\/vereinsservice\/corona-faq.html\" target=\"_blank\" rel=\"noreferrer noopener\">Corona-FAQ des WTB<\/a> .  <\/p>\n","protected":false},"excerpt":{"rendered":"<p>Ab Mittwoch, den 09.06.2021 gelten die 2. und 3. \u00d6ffnungsstufe nach der Corona-Verordnung des Landes. Au\u00dferdem wurde die Corona-Verordnung Sport angepasst, sodass das Duschen im Vereinsheim ab diesem Zeitpunkt wieder &#8230;<\/p>\n","protected":false},"author":1,"featured_media":914,"comment_status":"closed","ping_status":"closed","sticky":false,"template":"","format":"standard","meta":{"footnotes":""},"categories":[18],"tags":[],"class_list":["post-1152","post","type-post","status-publish","format-standard","has-post-thumbnail","hentry","category-corona"],"_links":{"self":[{"href":"https:\/\/www.tc-erligheim.de\/index.php?rest_route=\/wp\/v2\/posts\/1152","targetHints":{"allow":["GET"]}}],"collection":[{"href":"https:\/\/www.tc-erligheim.de\/index.php?rest_route=\/wp\/v2\/posts"}],"about":[{"href":"https:\/\/www.tc-erligheim.de\/index.php?rest_route=\/wp\/v2\/types\/post"}],"author":[{"embeddable":true,"href":"https:\/\/www.tc-erligheim.de\/index.php?rest_route=\/wp\/v2\/users\/1"}],"replies":[{"embeddable":true,"href":"https:\/\/www.tc-erligheim.de\/index.php?rest_route=%2Fwp%2Fv2%2Fcomments&post=1152"}],"version-history":[{"count":2,"href":"https:\/\/www.tc-erligheim.de\/index.php?rest_route=\/wp\/v2\/posts\/1152\/revisions"}],"predecessor-version":[{"id":1154,"href":"https:\/\/www.tc-erligheim.de\/index.php?rest_route=\/wp\/v2\/posts\/1152\/revisions\/1154"}],"wp:featuredmedia":[{"embeddable":true,"href":"https:\/\/www.tc-erligheim.de\/index.php?rest_route=\/wp\/v2\/media\/914"}],"wp:attachment":[{"href":"https:\/\/www.tc-erligheim.de\/index.php?rest_route=%2Fwp%2Fv2%2Fmedia&parent=1152"}],"wp:term":[{"taxonomy":"category","embeddable":true,"href":"https:\/\/www.tc-erligheim.de\/index.php?rest_route=%2Fwp%2Fv2%2Fcategories&post=1152"},{"taxonomy":"post_tag","embeddable":true,"href":"https:\/\/www.tc-erligheim.de\/index.php?rest_route=%2Fwp%2Fv2%2Ftags&post=1152"}],"curies":[{"name":"wp","href":"https:\/\/api.w.org\/{rel}","templated":true}]}}