{"id":1228,"date":"2021-11-08T11:27:10","date_gmt":"2021-11-08T10:27:10","guid":{"rendered":"https:\/\/www.tc-erligheim.de\/?p=1228"},"modified":"2021-11-15T12:35:16","modified_gmt":"2021-11-15T11:35:16","slug":"adventsfenster-2021","status":"publish","type":"post","link":"https:\/\/www.tc-erligheim.de\/?p=1228","title":{"rendered":"Adventsfenster 2021 &#8211; ABGESAGT"},"content":{"rendered":"\n<p> Auf Grund der pandemischen Coronalage, die sich immer mehr zuspitzt m\u00fcssen wir das geplante Adventsfenster mit Nikolaus am 06.12.2021 absagen. <\/p>\n\n\n\n<!--more-->\n\n\n\n<p>Die Auflagen der Coronoverordnung in der Warnstufe ist f\u00fcr unseren kleinen Verein bei so einer Veranstaltung nicht umsetzbar.<\/p>\n\n\n\n<p>Wir hoffen, dass wir im n\u00e4chsten Jahr endlich wieder unser sch\u00f6nes Adventsfenster veranstalten k\u00f6nnen.<\/p>\n","protected":false},"excerpt":{"rendered":"<p>Auf Grund der pandemischen Coronalage, die sich immer mehr zuspitzt m\u00fcssen wir das geplante Adventsfenster mit Nikolaus am 06.12.2021 absagen.<\/p>\n","protected":false},"author":1,"featured_media":415,"comment_status":"closed","ping_status":"closed","sticky":false,"template":"","format":"standard","meta":{"footnotes":""},"categories":[3],"tags":[],"class_list":["post-1228","post","type-post","status-publish","format-standard","has-post-thumbnail","hentry","category-events"],"_links":{"self":[{"href":"https:\/\/www.tc-erligheim.de\/index.php?rest_route=\/wp\/v2\/posts\/1228","targetHints":{"allow":["GET"]}}],"collection":[{"href":"https:\/\/www.tc-erligheim.de\/index.php?rest_route=\/wp\/v2\/posts"}],"about":[{"href":"https:\/\/www.tc-erligheim.de\/index.php?rest_route=\/wp\/v2\/types\/post"}],"author":[{"embeddable":true,"href":"https:\/\/www.tc-erligheim.de\/index.php?rest_route=\/wp\/v2\/users\/1"}],"replies":[{"embeddable":true,"href":"https:\/\/www.tc-erligheim.de\/index.php?rest_route=%2Fwp%2Fv2%2Fcomments&post=1228"}],"version-history":[{"count":3,"href":"https:\/\/www.tc-erligheim.de\/index.php?rest_route=\/wp\/v2\/posts\/1228\/revisions"}],"predecessor-version":[{"id":1232,"href":"https:\/\/www.tc-erligheim.de\/index.php?rest_route=\/wp\/v2\/posts\/1228\/revisions\/1232"}],"wp:featuredmedia":[{"embeddable":true,"href":"https:\/\/www.tc-erligheim.de\/index.php?rest_route=\/wp\/v2\/media\/415"}],"wp:attachment":[{"href":"https:\/\/www.tc-erligheim.de\/index.php?rest_route=%2Fwp%2Fv2%2Fmedia&parent=1228"}],"wp:term":[{"taxonomy":"category","embeddable":true,"href":"https:\/\/www.tc-erligheim.de\/index.php?rest_route=%2Fwp%2Fv2%2Fcategories&post=1228"},{"taxonomy":"post_tag","embeddable":true,"href":"https:\/\/www.tc-erligheim.de\/index.php?rest_route=%2Fwp%2Fv2%2Ftags&post=1228"}],"curies":[{"name":"wp","href":"https:\/\/api.w.org\/{rel}","templated":true}]}}