{"id":1262,"date":"2022-03-03T16:47:13","date_gmt":"2022-03-03T15:47:13","guid":{"rendered":"https:\/\/www.tc-erligheim.de\/?p=1262"},"modified":"2022-03-03T16:53:30","modified_gmt":"2022-03-03T15:53:30","slug":"jahreshauptversammlung-25-03-2022","status":"publish","type":"post","link":"https:\/\/www.tc-erligheim.de\/?p=1262","title":{"rendered":"Jahreshauptversammlung 25.03.2022"},"content":{"rendered":"\n<p>im Tennisheim, Beginn: 19.30 Uhr<\/p>\n\n\n\n<!--more-->\n\n\n\n<p>Tagesordnung<\/p>\n\n\n\n<ol class=\"wp-block-list\"><li>Begr\u00fc\u00dfung<\/li><li>Berichte der Funktion\u00e4re<br> a) 1. Vorsitzender<br> b) 2. Vorsitzende <br>c) Wirtschaftswartinnen <br>d) Schriftf\u00fchrerin <br>e) Technischer Leiter <br>f) Jugendwart <br>g) Kassiererin <br>h) Kassenpr\u00fcfer<\/li><li>Entlastung<\/li><li>Ehrungen<\/li><li>Pause<\/li><li>Neuwahlen <br>a) 1.Vositzende\/-r <br>b) 2. Vorsitzende\/-r <br>c) Kassier\/-in <br>d) Schriftf\u00fchrer\/-in <br>e) Sportwart\/-in <br>f) Jugendwart\/-in <br>g) Technischer Leiter\/-in <br>h) Wirtschaftswart\/-in <br>i) Presse-Internetwart\/-in <br>j) 2 Kassenpr\u00fcfer\/-innen<\/li><li>Antr\u00e4ge<\/li><li>Sonstiges<\/li><li>Schlusswort<\/li><li>Vorschau Jahresr\u00fcckblick 2022<\/li><\/ol>\n\n\n\n<p>Antr\u00e4ge zur Jahreshauptversammlung bitte bis 24.03.20.22 <br>an die Vorstandschaft oder die Ausschuss-Mitglieder stellen.<\/p>\n","protected":false},"excerpt":{"rendered":"<p>im Tennisheim, Beginn: 19.30 Uhr<\/p>\n","protected":false},"author":1,"featured_media":914,"comment_status":"closed","ping_status":"closed","sticky":false,"template":"","format":"standard","meta":{"footnotes":""},"categories":[2],"tags":[],"class_list":["post-1262","post","type-post","status-publish","format-standard","has-post-thumbnail","hentry","category-verein"],"_links":{"self":[{"href":"https:\/\/www.tc-erligheim.de\/index.php?rest_route=\/wp\/v2\/posts\/1262","targetHints":{"allow":["GET"]}}],"collection":[{"href":"https:\/\/www.tc-erligheim.de\/index.php?rest_route=\/wp\/v2\/posts"}],"about":[{"href":"https:\/\/www.tc-erligheim.de\/index.php?rest_route=\/wp\/v2\/types\/post"}],"author":[{"embeddable":true,"href":"https:\/\/www.tc-erligheim.de\/index.php?rest_route=\/wp\/v2\/users\/1"}],"replies":[{"embeddable":true,"href":"https:\/\/www.tc-erligheim.de\/index.php?rest_route=%2Fwp%2Fv2%2Fcomments&post=1262"}],"version-history":[{"count":2,"href":"https:\/\/www.tc-erligheim.de\/index.php?rest_route=\/wp\/v2\/posts\/1262\/revisions"}],"predecessor-version":[{"id":1264,"href":"https:\/\/www.tc-erligheim.de\/index.php?rest_route=\/wp\/v2\/posts\/1262\/revisions\/1264"}],"wp:featuredmedia":[{"embeddable":true,"href":"https:\/\/www.tc-erligheim.de\/index.php?rest_route=\/wp\/v2\/media\/914"}],"wp:attachment":[{"href":"https:\/\/www.tc-erligheim.de\/index.php?rest_route=%2Fwp%2Fv2%2Fmedia&parent=1262"}],"wp:term":[{"taxonomy":"category","embeddable":true,"href":"https:\/\/www.tc-erligheim.de\/index.php?rest_route=%2Fwp%2Fv2%2Fcategories&post=1262"},{"taxonomy":"post_tag","embeddable":true,"href":"https:\/\/www.tc-erligheim.de\/index.php?rest_route=%2Fwp%2Fv2%2Ftags&post=1262"}],"curies":[{"name":"wp","href":"https:\/\/api.w.org\/{rel}","templated":true}]}}