{"id":1266,"date":"2022-03-28T14:46:41","date_gmt":"2022-03-28T12:46:41","guid":{"rendered":"https:\/\/www.tc-erligheim.de\/?p=1266"},"modified":"2022-03-28T16:19:20","modified_gmt":"2022-03-28T14:19:20","slug":"bericht-zur-jhv-2022","status":"publish","type":"post","link":"https:\/\/www.tc-erligheim.de\/?p=1266","title":{"rendered":"Bericht zur JHV 2022"},"content":{"rendered":"\n<p>Am 25.03.2022 fand die diesj\u00e4hrige JHV beim TCE statt.<\/p>\n\n\n\n<!--more-->\n\n\n\n<p>Nach \u00fcber 2 Jahrzehnten legte unser 1. Vorsitzender Hans Abele sein Amt nieder. Ebenfalls stellt sich das seitherige Team zum gr\u00f6\u00dften Teil nicht mehr zur Wiederwahl auf.<\/p>\n\n\n\n<p>Doch wir freuen uns, da\u00df wir einen w\u00fcrdigen Nachfolger und ein tolles Team auf die Beine stellen konnten. Und blicken freudig in die TCE Zukunft.<\/p>\n\n\n\n<p>Die &#8222;alte&#8220; Vorstandschaft wurde mit Ehrungen und Geschenken verabschiedet.<\/p>\n\n\n\n<p>Gegen 21.30 Uhr endete der offizielle Teil der JHV und wir verbrachten noch einen gem\u00fctlichen Abend zusammen.<\/p>\n\n\n\n<p>Die Neuwahlen haben folgendes ergeben:<\/p>\n\n\n\n<p>1. Vorsitzender f\u00fcr 2 Jahre: Roland Schmid<br>2. Vorsitzender f\u00fcr 2 Jahre: Volker Blank<br>Kassierin f\u00fcr 2 Jahre: Anja Rockstroh<br>Schriftf\u00fchrerin f\u00fcr 2 Jahre: Laura Rockstroh<br>Wirtschaftswartinnen f\u00fcr 1 Jahr: Yvonne Oppek und Marion Braun<br>Sportwart f\u00fcr 2 Jahre: Ingo Schleicher und Tobias Dziewior<br>Jugendwart f\u00fcr 1 Jahr: Michael D\u00fcx<br>Technischer Leiter: Tobias Frintz<br>Platzwart: Rainer Frintz<br>Kassenpr\u00fcfer*in: Anneliese G\u00f6hl und Wolfgang Braun<br>Pressewartin: Corinna Abele-Schleicher, Internet: Volker Blank<\/p>\n\n\n\n<p>Somit konnten alle Posten besetzt werden.<\/p>\n\n\n\n<p>Wir w\u00fcnschen dem gesamten Vorstandsteam viel Spa\u00df und gutes Gelingen.<\/p>\n\n\n\n<div class=\"wp-block-group\"><div class=\"wp-block-group__inner-container is-layout-flow wp-block-group-is-layout-flow\">\n<figure class=\"wp-block-gallery has-nested-images columns-5 is-cropped wp-block-gallery-1 is-layout-flex wp-block-gallery-is-layout-flex\">\n<figure class=\"wp-block-image size-full jhv-gallery\"><img loading=\"lazy\" decoding=\"async\" width=\"171\" height=\"276\" data-id=\"1280\" src=\"https:\/\/www.tc-erligheim.de\/wp-content\/uploads\/2022\/03\/JHV_22_Hans-1.jpg\" alt=\"\" class=\"wp-image-1280\"\/><figcaption>Verabschiedung Hans<\/figcaption><\/figure>\n\n\n\n<figure class=\"wp-block-image size-full jhv-gallery\"><img loading=\"lazy\" decoding=\"async\" width=\"160\" height=\"273\" data-id=\"1269\" src=\"https:\/\/www.tc-erligheim.de\/wp-content\/uploads\/2022\/03\/JHV_22_Franz.jpg\" alt=\"\" class=\"wp-image-1269\"\/><figcaption>Verabschiedung Franz<\/figcaption><\/figure>\n\n\n\n<figure class=\"wp-block-image size-full jhv-gallery\"><img loading=\"lazy\" decoding=\"async\" width=\"170\" height=\"314\" data-id=\"1272\" src=\"https:\/\/www.tc-erligheim.de\/wp-content\/uploads\/2022\/03\/JHV_22_Vroni.jpg\" alt=\"\" class=\"wp-image-1272\" srcset=\"https:\/\/www.tc-erligheim.de\/wp-content\/uploads\/2022\/03\/JHV_22_Vroni.jpg 170w, https:\/\/www.tc-erligheim.de\/wp-content\/uploads\/2022\/03\/JHV_22_Vroni-162x300.jpg 162w\" sizes=\"auto, (max-width: 170px) 100vw, 170px\" \/><figcaption>Verabschiedung Veronika<\/figcaption><\/figure>\n\n\n\n<figure class=\"wp-block-image size-full jhv-gallery\"><img loading=\"lazy\" decoding=\"async\" width=\"169\" height=\"336\" data-id=\"1271\" src=\"https:\/\/www.tc-erligheim.de\/wp-content\/uploads\/2022\/03\/JHV_22_Isabella.jpg\" alt=\"\" class=\"wp-image-1271\" srcset=\"https:\/\/www.tc-erligheim.de\/wp-content\/uploads\/2022\/03\/JHV_22_Isabella.jpg 169w, https:\/\/www.tc-erligheim.de\/wp-content\/uploads\/2022\/03\/JHV_22_Isabella-151x300.jpg 151w\" sizes=\"auto, (max-width: 169px) 100vw, 169px\" \/><figcaption>Verabschiedung Isabella<\/figcaption><\/figure>\n\n\n\n<figure class=\"wp-block-image size-full jhv-gallery\"><img loading=\"lazy\" decoding=\"async\" width=\"165\" height=\"312\" data-id=\"1268\" src=\"https:\/\/www.tc-erligheim.de\/wp-content\/uploads\/2022\/03\/JHV_22_Christel.jpg\" alt=\"\" class=\"wp-image-1268\" srcset=\"https:\/\/www.tc-erligheim.de\/wp-content\/uploads\/2022\/03\/JHV_22_Christel.jpg 165w, https:\/\/www.tc-erligheim.de\/wp-content\/uploads\/2022\/03\/JHV_22_Christel-159x300.jpg 159w\" sizes=\"auto, (max-width: 165px) 100vw, 165px\" \/><figcaption>Verabschiedung Christel<\/figcaption><\/figure>\n<\/figure>\n<\/div><\/div>\n\n\n\n<p>Es fehlte bei der Verabschiedung Ingrid Daub, die ebenfalls Ihr Amt als 2. Vorsitzende beendete.<\/p>\n","protected":false},"excerpt":{"rendered":"<p>Am 25.03.2022 fand die diesj\u00e4hrige JHV beim TCE statt.<\/p>\n","protected":false},"author":1,"featured_media":1289,"comment_status":"closed","ping_status":"closed","sticky":false,"template":"","format":"standard","meta":{"footnotes":""},"categories":[2],"tags":[],"class_list":["post-1266","post","type-post","status-publish","format-standard","has-post-thumbnail","hentry","category-verein"],"_links":{"self":[{"href":"https:\/\/www.tc-erligheim.de\/index.php?rest_route=\/wp\/v2\/posts\/1266","targetHints":{"allow":["GET"]}}],"collection":[{"href":"https:\/\/www.tc-erligheim.de\/index.php?rest_route=\/wp\/v2\/posts"}],"about":[{"href":"https:\/\/www.tc-erligheim.de\/index.php?rest_route=\/wp\/v2\/types\/post"}],"author":[{"embeddable":true,"href":"https:\/\/www.tc-erligheim.de\/index.php?rest_route=\/wp\/v2\/users\/1"}],"replies":[{"embeddable":true,"href":"https:\/\/www.tc-erligheim.de\/index.php?rest_route=%2Fwp%2Fv2%2Fcomments&post=1266"}],"version-history":[{"count":10,"href":"https:\/\/www.tc-erligheim.de\/index.php?rest_route=\/wp\/v2\/posts\/1266\/revisions"}],"predecessor-version":[{"id":1288,"href":"https:\/\/www.tc-erligheim.de\/index.php?rest_route=\/wp\/v2\/posts\/1266\/revisions\/1288"}],"wp:featuredmedia":[{"embeddable":true,"href":"https:\/\/www.tc-erligheim.de\/index.php?rest_route=\/wp\/v2\/media\/1289"}],"wp:attachment":[{"href":"https:\/\/www.tc-erligheim.de\/index.php?rest_route=%2Fwp%2Fv2%2Fmedia&parent=1266"}],"wp:term":[{"taxonomy":"category","embeddable":true,"href":"https:\/\/www.tc-erligheim.de\/index.php?rest_route=%2Fwp%2Fv2%2Fcategories&post=1266"},{"taxonomy":"post_tag","embeddable":true,"href":"https:\/\/www.tc-erligheim.de\/index.php?rest_route=%2Fwp%2Fv2%2Ftags&post=1266"}],"curies":[{"name":"wp","href":"https:\/\/api.w.org\/{rel}","templated":true}]}}