{"id":1478,"date":"2023-02-23T14:53:42","date_gmt":"2023-02-23T13:53:42","guid":{"rendered":"https:\/\/www.tc-erligheim.de\/?p=1478"},"modified":"2023-02-23T16:12:16","modified_gmt":"2023-02-23T15:12:16","slug":"jahreshauptversammlung-10-03-2023","status":"publish","type":"post","link":"https:\/\/www.tc-erligheim.de\/?p=1478","title":{"rendered":"Jahreshauptversammlung 10.03.2023"},"content":{"rendered":"\n<p>Alle Mitglieder des Tennisclub Erligheim sind ganz herzlich zur diesj\u00e4hrigen Jahreshauptversammlung eingeladen.<\/p>\n\n\n\n<!--more-->\n\n\n\n<p>Diese findet statt am <strong>Freitag, den 10.03.2023<\/strong> im Tennisheim des TCE.<\/p>\n\n\n\n<p>Einlass ab 18:45 Uhr<br>Abendessen ab 19:00 Uhr bis 20:00 Uhr<br>Sitzungsbeginn: 20:00 Uhr<\/p>\n\n\n\n<p>Tagesordnung:<\/p>\n\n\n\n<ol class=\"wp-block-list\">\n<li>Er\u00f6ffnung und Begr\u00fc\u00dfung durch den Vorsitzenden<\/li>\n\n\n\n<li>Feststellung der Beschlussf\u00e4higkeit<\/li>\n\n\n\n<li>R\u00fcckblick auf 2022<\/li>\n\n\n\n<li>Berichte der Funktion\u00e4re<\/li>\n\n\n\n<li>Kassenbericht \/ Finanzstatus<\/li>\n\n\n\n<li>Entlastungen<\/li>\n\n\n\n<li>Ehrungen<\/li>\n\n\n\n<li>Neuwahlen<\/li>\n\n\n\n<li>Notwendige Satzungs\u00e4nderungen<\/li>\n\n\n\n<li>Beitragsanpassungen<\/li>\n\n\n\n<li>Geplante Investitionen<\/li>\n\n\n\n<li>Antr\u00e4ge<\/li>\n\n\n\n<li>Vorl\u00e4ufiger Terminplan 2023<\/li>\n\n\n\n<li>Sonstige Infos<\/li>\n<\/ol>\n\n\n\n<p>Antr\u00e4ge zur JHV bitte bis sp\u00e4testens 03.03.2023 per Mail an <a rel=\"noreferrer noopener\" href=\"&#x6d;&#x61;&#x69;&#x6c;&#116;&#111;:ro&#x6c;&#x61;&#x6e;&#x64;&#46;&#115;chm&#x69;&#x64;&#x2e;&#x74;&#99;&#101;&#64;gm&#x61;&#x69;&#x6c;&#x2e;&#99;&#111;&#109;\" data-type=\"mailto\" target=\"_blank\">Roland Schmid<\/a>.<\/p>\n\n\n\n<p>F\u00fcr das leibliche Wohl ist gesorgt, um besser planen zu k\u00f6nnen, bitten wir um Anmeldung bis 07.03.2023 per Mail bei <a href=\"&#x6d;a&#x69;&#108;t&#x6f;&#58;&#x62;&#108;a&#x6e;&#107;&#x2e;&#121;v&#x6f;&#110;&#x6e;&#x65;&#64;&#x67;&#109;x&#x2e;&#100;&#x65;\" target=\"_blank\" rel=\"noreferrer noopener\">Yvonne <\/a>bzw. <a href=\"&#x6d;&#97;i&#x6c;&#116;o&#x3a;&#x6d;&#97;&#x72;&#x69;&#111;n&#x2d;&#98;r&#x61;&#x75;&#110;&#x40;&#x74;&#45;o&#x6e;&#108;i&#x6e;&#x65;&#46;&#x64;&#x65;\" target=\"_blank\" rel=\"noreferrer noopener\">Marion<\/a>.<\/p>\n\n\n\n<p>Wir freuen uns auf ein zahlreiches Erscheinen !<br>Der Vorstand<\/p>\n","protected":false},"excerpt":{"rendered":"<p>Alle Mitglieder des Tennisclub Erligheim sind ganz herzlich zur diesj\u00e4hrigen Jahreshauptversammlung eingeladen.<\/p>\n","protected":false},"author":1,"featured_media":914,"comment_status":"closed","ping_status":"closed","sticky":false,"template":"","format":"standard","meta":{"footnotes":""},"categories":[2],"tags":[],"class_list":["post-1478","post","type-post","status-publish","format-standard","has-post-thumbnail","hentry","category-verein"],"_links":{"self":[{"href":"https:\/\/www.tc-erligheim.de\/index.php?rest_route=\/wp\/v2\/posts\/1478","targetHints":{"allow":["GET"]}}],"collection":[{"href":"https:\/\/www.tc-erligheim.de\/index.php?rest_route=\/wp\/v2\/posts"}],"about":[{"href":"https:\/\/www.tc-erligheim.de\/index.php?rest_route=\/wp\/v2\/types\/post"}],"author":[{"embeddable":true,"href":"https:\/\/www.tc-erligheim.de\/index.php?rest_route=\/wp\/v2\/users\/1"}],"replies":[{"embeddable":true,"href":"https:\/\/www.tc-erligheim.de\/index.php?rest_route=%2Fwp%2Fv2%2Fcomments&post=1478"}],"version-history":[{"count":9,"href":"https:\/\/www.tc-erligheim.de\/index.php?rest_route=\/wp\/v2\/posts\/1478\/revisions"}],"predecessor-version":[{"id":1488,"href":"https:\/\/www.tc-erligheim.de\/index.php?rest_route=\/wp\/v2\/posts\/1478\/revisions\/1488"}],"wp:featuredmedia":[{"embeddable":true,"href":"https:\/\/www.tc-erligheim.de\/index.php?rest_route=\/wp\/v2\/media\/914"}],"wp:attachment":[{"href":"https:\/\/www.tc-erligheim.de\/index.php?rest_route=%2Fwp%2Fv2%2Fmedia&parent=1478"}],"wp:term":[{"taxonomy":"category","embeddable":true,"href":"https:\/\/www.tc-erligheim.de\/index.php?rest_route=%2Fwp%2Fv2%2Fcategories&post=1478"},{"taxonomy":"post_tag","embeddable":true,"href":"https:\/\/www.tc-erligheim.de\/index.php?rest_route=%2Fwp%2Fv2%2Ftags&post=1478"}],"curies":[{"name":"wp","href":"https:\/\/api.w.org\/{rel}","templated":true}]}}