{"id":1577,"date":"2024-02-19T07:09:07","date_gmt":"2024-02-19T06:09:07","guid":{"rendered":"https:\/\/www.tc-erligheim.de\/?p=1577"},"modified":"2024-02-19T07:56:22","modified_gmt":"2024-02-19T06:56:22","slug":"jahreshauptversammlung-08-03-2024","status":"publish","type":"post","link":"https:\/\/www.tc-erligheim.de\/?p=1577","title":{"rendered":"Jahreshauptversammlung 08.03.2024"},"content":{"rendered":"\n<p>Alle Mitglieder des Tennisclub Erligheim sind ganz herzlich zur diesj\u00e4hrigen Jahreshauptversammlung eingeladen.<\/p>\n\n\n\n<!--more-->\n\n\n\n<p>Diese findet statt am <strong>Freitag, den 08.03.2024<\/strong> im Tennisheim des TCE.<\/p>\n\n\n\n<p>Einlass ab 18:45 Uhr<br>Abendessen ab 19:00 Uhr bis 20:00 Uhr<br>Sitzungsbeginn: 20:00 Uhr<\/p>\n\n\n\n<p>Tagesordnung:<\/p>\n\n\n\n<ol class=\"wp-block-list\">\n<li>Er\u00f6ffnung und Begr\u00fc\u00dfung durch den Vorsitzenden<\/li>\n\n\n\n<li>Feststellung der Beschlussf\u00e4higkeit<\/li>\n\n\n\n<li>R\u00fcckblick auf 2023<\/li>\n\n\n\n<li>Berichte der Funktion\u00e4re<\/li>\n\n\n\n<li>Kassenbericht \/ Finanzstatus<\/li>\n\n\n\n<li>Entlastungen<\/li>\n\n\n\n<li>Neuwahlen<\/li>\n\n\n\n<li>Geplante Veranstaltungen<\/li>\n\n\n\n<li>Antr\u00e4ge<\/li>\n\n\n\n<li>Vorl\u00e4ufiger Terminplan 2024<\/li>\n\n\n\n<li>Sonstige Infos<\/li>\n<\/ol>\n\n\n\n<p>Antr\u00e4ge zur JHV bitte bis sp\u00e4testens 01.03.2024 per Mail an <a href=\"&#109;&#97;&#x69;l&#116;&#x6f;&#x3a;r&#111;&#x6c;&#x61;n&#100;&#x2e;&#x73;c&#104;&#x6d;&#x69;d&#46;&#x74;&#x63;e&#64;&#x67;m&#97;&#105;&#x6c;&#46;&#99;&#x6f;&#x6d;\" data-type=\"mailto\" target=\"_blank\" rel=\"noreferrer noopener\">Roland Schmid<\/a>.<\/p>\n\n\n\n<p>F\u00fcr das leibliche Wohl ist gesorgt. Um besser planen zu k\u00f6nnen, bitten wir um Anmeldung bis 04.03.2024 per Mail bei <a href=\"&#x6d;&#x61;&#x69;&#x6c;&#x74;&#x6f;&#x3a;&#x62;&#x6c;&#x61;&#x6e;&#x6b;&#x2e;&#x79;&#x76;&#x6f;&#x6e;&#x6e;&#x65;&#x40;&#x67;&#x6d;&#x78;&#x2e;&#x64;&#x65;\" target=\"_blank\" rel=\"noreferrer noopener\">Yvonne <\/a>bzw. <a href=\"&#109;&#x61;&#105;&#x6c;&#116;&#x6f;&#58;&#x6d;a&#x72;i&#x6f;n&#x2d;b&#114;&#x61;&#117;&#x6e;&#64;&#x74;&#45;&#x6f;&#110;&#x6c;i&#x6e;e&#x2e;d&#x65;\" target=\"_blank\" rel=\"noreferrer noopener\">Marion<\/a>.<\/p>\n\n\n\n<p>Wir freuen uns auf ein zahlreiches Erscheinen !<br>Der Vorstand<\/p>\n","protected":false},"excerpt":{"rendered":"<p>Alle Mitglieder des Tennisclub Erligheim sind ganz herzlich zur diesj\u00e4hrigen Jahreshauptversammlung eingeladen.<\/p>\n","protected":false},"author":1,"featured_media":914,"comment_status":"closed","ping_status":"closed","sticky":false,"template":"","format":"standard","meta":{"footnotes":""},"categories":[2],"tags":[],"class_list":["post-1577","post","type-post","status-publish","format-standard","has-post-thumbnail","hentry","category-verein"],"_links":{"self":[{"href":"https:\/\/www.tc-erligheim.de\/index.php?rest_route=\/wp\/v2\/posts\/1577","targetHints":{"allow":["GET"]}}],"collection":[{"href":"https:\/\/www.tc-erligheim.de\/index.php?rest_route=\/wp\/v2\/posts"}],"about":[{"href":"https:\/\/www.tc-erligheim.de\/index.php?rest_route=\/wp\/v2\/types\/post"}],"author":[{"embeddable":true,"href":"https:\/\/www.tc-erligheim.de\/index.php?rest_route=\/wp\/v2\/users\/1"}],"replies":[{"embeddable":true,"href":"https:\/\/www.tc-erligheim.de\/index.php?rest_route=%2Fwp%2Fv2%2Fcomments&post=1577"}],"version-history":[{"count":2,"href":"https:\/\/www.tc-erligheim.de\/index.php?rest_route=\/wp\/v2\/posts\/1577\/revisions"}],"predecessor-version":[{"id":1579,"href":"https:\/\/www.tc-erligheim.de\/index.php?rest_route=\/wp\/v2\/posts\/1577\/revisions\/1579"}],"wp:featuredmedia":[{"embeddable":true,"href":"https:\/\/www.tc-erligheim.de\/index.php?rest_route=\/wp\/v2\/media\/914"}],"wp:attachment":[{"href":"https:\/\/www.tc-erligheim.de\/index.php?rest_route=%2Fwp%2Fv2%2Fmedia&parent=1577"}],"wp:term":[{"taxonomy":"category","embeddable":true,"href":"https:\/\/www.tc-erligheim.de\/index.php?rest_route=%2Fwp%2Fv2%2Fcategories&post=1577"},{"taxonomy":"post_tag","embeddable":true,"href":"https:\/\/www.tc-erligheim.de\/index.php?rest_route=%2Fwp%2Fv2%2Ftags&post=1577"}],"curies":[{"name":"wp","href":"https:\/\/api.w.org\/{rel}","templated":true}]}}