{"id":773,"date":"2018-04-26T12:39:20","date_gmt":"2018-04-26T10:39:20","guid":{"rendered":"https:\/\/www.tc-erligheim.de\/?p=773"},"modified":"2018-05-02T13:34:18","modified_gmt":"2018-05-02T11:34:18","slug":"spende-vr-bank-neckar-enz","status":"publish","type":"post","link":"https:\/\/www.tc-erligheim.de\/?p=773","title":{"rendered":"Spende VR-Bank Neckar-Enz"},"content":{"rendered":"<p><!--more--><\/p>\n<p><img loading=\"lazy\" decoding=\"async\" class=\"alignnone wp-image-772 size-large\" src=\"https:\/\/www.tc-erligheim.de\/wp-content\/uploads\/2018\/05\/Spende_VR-Bank-1024x768.jpg\" alt=\"\" width=\"800\" height=\"600\" srcset=\"https:\/\/www.tc-erligheim.de\/wp-content\/uploads\/2018\/05\/Spende_VR-Bank-1024x768.jpg 1024w, https:\/\/www.tc-erligheim.de\/wp-content\/uploads\/2018\/05\/Spende_VR-Bank-300x225.jpg 300w, https:\/\/www.tc-erligheim.de\/wp-content\/uploads\/2018\/05\/Spende_VR-Bank-768x576.jpg 768w\" sizes=\"auto, (max-width: 800px) 100vw, 800px\" \/><\/p>\n<p>Wir sind im Moment im Aufbau unserer Jugend und haben hierf\u00fcr von der VR-Bank eine gro\u00dfz\u00fcgige Spende erhalten. Zum Teil haben wir davon tolle Sport-Shirts f\u00fcr die Kinder des TCE gesponsert.<\/p>\n<p>Letzte Woche wurde offiziell der Spendenscheck von unseren 1. Vorsitzenden Hans Abele, Jugendwart Michael D\u00fcx und einigen jungen Tennisspielern und Tennisspielerinnen entgegengenommen. Dieser wurde im Namen der VR-Bank durch Ulrike Buyer und Andreas B\u00fcdenbender \u00fcberreicht.<\/p>\n<p>Wir bedanken uns noch einmal recht herzlich bei der VR-Bank im Namen aller Jugendspieler und Jugendspielerinnen des TCE.<\/p>\n","protected":false},"excerpt":{"rendered":"","protected":false},"author":1,"featured_media":772,"comment_status":"closed","ping_status":"closed","sticky":false,"template":"","format":"standard","meta":{"footnotes":""},"categories":[7,2],"tags":[],"class_list":["post-773","post","type-post","status-publish","format-standard","has-post-thumbnail","hentry","category-jugend","category-verein"],"_links":{"self":[{"href":"https:\/\/www.tc-erligheim.de\/index.php?rest_route=\/wp\/v2\/posts\/773","targetHints":{"allow":["GET"]}}],"collection":[{"href":"https:\/\/www.tc-erligheim.de\/index.php?rest_route=\/wp\/v2\/posts"}],"about":[{"href":"https:\/\/www.tc-erligheim.de\/index.php?rest_route=\/wp\/v2\/types\/post"}],"author":[{"embeddable":true,"href":"https:\/\/www.tc-erligheim.de\/index.php?rest_route=\/wp\/v2\/users\/1"}],"replies":[{"embeddable":true,"href":"https:\/\/www.tc-erligheim.de\/index.php?rest_route=%2Fwp%2Fv2%2Fcomments&post=773"}],"version-history":[{"count":4,"href":"https:\/\/www.tc-erligheim.de\/index.php?rest_route=\/wp\/v2\/posts\/773\/revisions"}],"predecessor-version":[{"id":777,"href":"https:\/\/www.tc-erligheim.de\/index.php?rest_route=\/wp\/v2\/posts\/773\/revisions\/777"}],"wp:featuredmedia":[{"embeddable":true,"href":"https:\/\/www.tc-erligheim.de\/index.php?rest_route=\/wp\/v2\/media\/772"}],"wp:attachment":[{"href":"https:\/\/www.tc-erligheim.de\/index.php?rest_route=%2Fwp%2Fv2%2Fmedia&parent=773"}],"wp:term":[{"taxonomy":"category","embeddable":true,"href":"https:\/\/www.tc-erligheim.de\/index.php?rest_route=%2Fwp%2Fv2%2Fcategories&post=773"},{"taxonomy":"post_tag","embeddable":true,"href":"https:\/\/www.tc-erligheim.de\/index.php?rest_route=%2Fwp%2Fv2%2Ftags&post=773"}],"curies":[{"name":"wp","href":"https:\/\/api.w.org\/{rel}","templated":true}]}}