{"id":908,"date":"2019-02-04T14:46:09","date_gmt":"2019-02-04T13:46:09","guid":{"rendered":"https:\/\/www.tc-erligheim.de\/?p=908"},"modified":"2019-02-13T14:54:33","modified_gmt":"2019-02-13T13:54:33","slug":"jahreshauptversammlung-01-03-2019","status":"publish","type":"post","link":"https:\/\/www.tc-erligheim.de\/?p=908","title":{"rendered":"Jahreshauptversammlung 01.03.2019"},"content":{"rendered":"\n<!--more-->\n\n\n\n<p><\/p>\n\n\n\n<p>Beginn: 19.30 Uhr<\/p>\n\n\n\n<p>Tagesordnung:<\/p>\n\n\n\n<ol class=\"wp-block-list\"><li>Begr\u00fc\u00dfung<\/li><li>Bericht der Funktion\u00e4re<br> a) 1. Vorsitzender<br> b) 2. Vorsitzende<br> c) Mannschaftsf\u00fchrer(in)<br> d) Wirtschaftwarte<br> e) Technischer Leiter<br> f) Schriftf\u00fchrerin (das Protokoll der letzten JHV liegt aus)<br> g) Kassiererin<br> h) Kassenpr\u00fcfer<\/li><li>Entlastungen<\/li><li>Ehrungen<\/li><li>Pause<\/li><li>Neuwahlen<br> a) 2. Vorsitzende<br> b) Kassierer(in)<br> c) Schriftf\u00fchrer(in)<br> d) Sportwart(in)<br> e) Jugendwart(in)<br> f) Technischer Leiter(in)<br> g) Wirtschaftwart(in)<br> h) Presse-Internetwart(in)<br> i) 2 Kassenpr\u00fcfer<\/li><li>Antr\u00e4ge<\/li><li>Sonstiges<\/li><li>Schlusswort<\/li><li>Vorschau Jahres\u00fcberblick 2019<\/li><\/ol>\n\n\n\n<p>Antr\u00e4ge zur Jahreshauptversammlung bitte bis 26.02.2019 an die Vorstandschaft oder die Ausschuss-Mitglieder stellen.<\/p>\n","protected":false},"excerpt":{"rendered":"","protected":false},"author":1,"featured_media":914,"comment_status":"closed","ping_status":"closed","sticky":false,"template":"","format":"standard","meta":{"footnotes":""},"categories":[2],"tags":[],"class_list":["post-908","post","type-post","status-publish","format-standard","has-post-thumbnail","hentry","category-verein"],"_links":{"self":[{"href":"https:\/\/www.tc-erligheim.de\/index.php?rest_route=\/wp\/v2\/posts\/908","targetHints":{"allow":["GET"]}}],"collection":[{"href":"https:\/\/www.tc-erligheim.de\/index.php?rest_route=\/wp\/v2\/posts"}],"about":[{"href":"https:\/\/www.tc-erligheim.de\/index.php?rest_route=\/wp\/v2\/types\/post"}],"author":[{"embeddable":true,"href":"https:\/\/www.tc-erligheim.de\/index.php?rest_route=\/wp\/v2\/users\/1"}],"replies":[{"embeddable":true,"href":"https:\/\/www.tc-erligheim.de\/index.php?rest_route=%2Fwp%2Fv2%2Fcomments&post=908"}],"version-history":[{"count":5,"href":"https:\/\/www.tc-erligheim.de\/index.php?rest_route=\/wp\/v2\/posts\/908\/revisions"}],"predecessor-version":[{"id":921,"href":"https:\/\/www.tc-erligheim.de\/index.php?rest_route=\/wp\/v2\/posts\/908\/revisions\/921"}],"wp:featuredmedia":[{"embeddable":true,"href":"https:\/\/www.tc-erligheim.de\/index.php?rest_route=\/wp\/v2\/media\/914"}],"wp:attachment":[{"href":"https:\/\/www.tc-erligheim.de\/index.php?rest_route=%2Fwp%2Fv2%2Fmedia&parent=908"}],"wp:term":[{"taxonomy":"category","embeddable":true,"href":"https:\/\/www.tc-erligheim.de\/index.php?rest_route=%2Fwp%2Fv2%2Fcategories&post=908"},{"taxonomy":"post_tag","embeddable":true,"href":"https:\/\/www.tc-erligheim.de\/index.php?rest_route=%2Fwp%2Fv2%2Ftags&post=908"}],"curies":[{"name":"wp","href":"https:\/\/api.w.org\/{rel}","templated":true}]}}