{"id":947,"date":"2019-04-01T10:33:08","date_gmt":"2019-04-01T08:33:08","guid":{"rendered":"https:\/\/www.tc-erligheim.de\/?p=947"},"modified":"2019-04-01T15:04:33","modified_gmt":"2019-04-01T13:04:33","slug":"vandalismus-auf-dem-tce-gelaende","status":"publish","type":"post","link":"https:\/\/www.tc-erligheim.de\/?p=947","title":{"rendered":"Vandalismus auf dem TCE-Gel\u00e4nde"},"content":{"rendered":"\n<p>Schon wieder Randalierer auf der Tennisanlage, die die Au\u00dfenbeleuchtung mutwillig zerst\u00f6rt haben.<\/p>\n\n\n\n<!--more-->\n\n\n\n<p> In der Nacht vom 25.03.2019 auf den 26.03.2019 und noch einmal vom 28.03.2019 auf den 29.03.2019 haben Randalierer auf der Tennis-Anlage erheblichen Schaden angerichtet. <\/p>\n\n\n\n<p>Uns bleibt keine anderer Wahl als das Gel\u00e4nde zu \u00fcberwachen um in Zukunft dem Vandalismus vorzubeugen und gegebenenfalls die T\u00e4ter zu erwischen und zur Anzeige bringen.<\/p>\n\n\n\n<p>Wer etwas beobachtet hat, sollte dies unter Tel.: 07143\/883320 bitte melden.<\/p>\n","protected":false},"excerpt":{"rendered":"<p>Schon wieder Randalierer auf der Tennisanlage, die die Au\u00dfenbeleuchtung mutwillig zerst\u00f6rt haben.<\/p>\n","protected":false},"author":1,"featured_media":950,"comment_status":"closed","ping_status":"closed","sticky":false,"template":"","format":"standard","meta":{"footnotes":""},"categories":[2],"tags":[],"class_list":["post-947","post","type-post","status-publish","format-standard","has-post-thumbnail","hentry","category-verein"],"_links":{"self":[{"href":"https:\/\/www.tc-erligheim.de\/index.php?rest_route=\/wp\/v2\/posts\/947","targetHints":{"allow":["GET"]}}],"collection":[{"href":"https:\/\/www.tc-erligheim.de\/index.php?rest_route=\/wp\/v2\/posts"}],"about":[{"href":"https:\/\/www.tc-erligheim.de\/index.php?rest_route=\/wp\/v2\/types\/post"}],"author":[{"embeddable":true,"href":"https:\/\/www.tc-erligheim.de\/index.php?rest_route=\/wp\/v2\/users\/1"}],"replies":[{"embeddable":true,"href":"https:\/\/www.tc-erligheim.de\/index.php?rest_route=%2Fwp%2Fv2%2Fcomments&post=947"}],"version-history":[{"count":3,"href":"https:\/\/www.tc-erligheim.de\/index.php?rest_route=\/wp\/v2\/posts\/947\/revisions"}],"predecessor-version":[{"id":972,"href":"https:\/\/www.tc-erligheim.de\/index.php?rest_route=\/wp\/v2\/posts\/947\/revisions\/972"}],"wp:featuredmedia":[{"embeddable":true,"href":"https:\/\/www.tc-erligheim.de\/index.php?rest_route=\/wp\/v2\/media\/950"}],"wp:attachment":[{"href":"https:\/\/www.tc-erligheim.de\/index.php?rest_route=%2Fwp%2Fv2%2Fmedia&parent=947"}],"wp:term":[{"taxonomy":"category","embeddable":true,"href":"https:\/\/www.tc-erligheim.de\/index.php?rest_route=%2Fwp%2Fv2%2Fcategories&post=947"},{"taxonomy":"post_tag","embeddable":true,"href":"https:\/\/www.tc-erligheim.de\/index.php?rest_route=%2Fwp%2Fv2%2Ftags&post=947"}],"curies":[{"name":"wp","href":"https:\/\/api.w.org\/{rel}","templated":true}]}}