{"id":979,"date":"2019-04-24T08:23:46","date_gmt":"2019-04-24T06:23:46","guid":{"rendered":"https:\/\/www.tc-erligheim.de\/?p=979"},"modified":"2019-04-24T08:27:10","modified_gmt":"2019-04-24T06:27:10","slug":"deutschland-spielt-tennis-3","status":"publish","type":"post","link":"https:\/\/www.tc-erligheim.de\/?p=979","title":{"rendered":"Deutschland spielt Tennis"},"content":{"rendered":"\n<p>Besuchen Sie unseren Tag der offenen T\u00fcr und starten Sie mit uns in die neue Saison!<\/p>\n\n\n\n<!--more-->\n\n\n\n<figure class=\"wp-block-image\"><img loading=\"lazy\" decoding=\"async\" width=\"600\" height=\"315\" src=\"https:\/\/www.tc-erligheim.de\/wp-content\/uploads\/2019\/04\/Facebook_Grafik_Post_Luise_600x315.jpg\" alt=\"\" class=\"wp-image-980\" srcset=\"https:\/\/www.tc-erligheim.de\/wp-content\/uploads\/2019\/04\/Facebook_Grafik_Post_Luise_600x315.jpg 600w, https:\/\/www.tc-erligheim.de\/wp-content\/uploads\/2019\/04\/Facebook_Grafik_Post_Luise_600x315-300x158.jpg 300w\" sizes=\"auto, (max-width: 600px) 100vw, 600px\" \/><\/figure>\n\n\n\n<p class=\"has-medium-font-size\"><strong>Am Sonntag, den 05.05.2019 ab 14.00 Uhr<\/strong><\/p>\n\n\n\n<p>Interesse und Lust mitzuspielen ? Wir freuen uns auf alle, die bei uns vorbeischauen. <br>Lernen Sie Vereinsmitglieder kennen und lassen Sie sich vom Tennissport begeistern. <br>Nat\u00fcrlich gibt es Kaffee und Kuchen f\u00fcr alle G\u00e4ste.<br><\/p>\n","protected":false},"excerpt":{"rendered":"<p>Besuchen Sie unseren Tag der offenen T\u00fcr und starten Sie mit uns in die neue Saison!<\/p>\n","protected":false},"author":1,"featured_media":980,"comment_status":"closed","ping_status":"closed","sticky":false,"template":"","format":"standard","meta":{"footnotes":""},"categories":[3],"tags":[],"class_list":["post-979","post","type-post","status-publish","format-standard","has-post-thumbnail","hentry","category-events"],"_links":{"self":[{"href":"https:\/\/www.tc-erligheim.de\/index.php?rest_route=\/wp\/v2\/posts\/979","targetHints":{"allow":["GET"]}}],"collection":[{"href":"https:\/\/www.tc-erligheim.de\/index.php?rest_route=\/wp\/v2\/posts"}],"about":[{"href":"https:\/\/www.tc-erligheim.de\/index.php?rest_route=\/wp\/v2\/types\/post"}],"author":[{"embeddable":true,"href":"https:\/\/www.tc-erligheim.de\/index.php?rest_route=\/wp\/v2\/users\/1"}],"replies":[{"embeddable":true,"href":"https:\/\/www.tc-erligheim.de\/index.php?rest_route=%2Fwp%2Fv2%2Fcomments&post=979"}],"version-history":[{"count":6,"href":"https:\/\/www.tc-erligheim.de\/index.php?rest_route=\/wp\/v2\/posts\/979\/revisions"}],"predecessor-version":[{"id":986,"href":"https:\/\/www.tc-erligheim.de\/index.php?rest_route=\/wp\/v2\/posts\/979\/revisions\/986"}],"wp:featuredmedia":[{"embeddable":true,"href":"https:\/\/www.tc-erligheim.de\/index.php?rest_route=\/wp\/v2\/media\/980"}],"wp:attachment":[{"href":"https:\/\/www.tc-erligheim.de\/index.php?rest_route=%2Fwp%2Fv2%2Fmedia&parent=979"}],"wp:term":[{"taxonomy":"category","embeddable":true,"href":"https:\/\/www.tc-erligheim.de\/index.php?rest_route=%2Fwp%2Fv2%2Fcategories&post=979"},{"taxonomy":"post_tag","embeddable":true,"href":"https:\/\/www.tc-erligheim.de\/index.php?rest_route=%2Fwp%2Fv2%2Ftags&post=979"}],"curies":[{"name":"wp","href":"https:\/\/api.w.org\/{rel}","templated":true}]}}